{"id":578,"date":"2023-07-04T17:17:55","date_gmt":"2023-07-04T15:17:55","guid":{"rendered":"https:\/\/cycle-leipzig.de\/louer-tous-les-velos-electriques-a-leipzig\/"},"modified":"2024-01-03T14:34:46","modified_gmt":"2024-01-03T13:34:46","slug":"louer-tous-les-velos-electriques-a-leipzig","status":"publish","type":"post","link":"https:\/\/cycle-leipzig.de\/fr\/louer-tous-les-velos-electriques-a-leipzig\/","title":{"rendered":"Louer tous les v\u00e9los \u00e9lectriques \u00e0 Leipzig"},"content":{"rendered":"\n<div class=\"wrap plugin-container\">\n\n\t\n\t\n\t<div class=\"vri-page-content\">\r\n\t<h3 class=\"vriclistheadt\">E-Bike<\/h3>\r\n\t\t<div class=\"vrilistcontainer\">\r\n\t\t<div class=\"vri-list-item-block\">\r\n\t\t\t<div class=\"vri-list-item-inner\">\r\n\t\t\t\t\t\t\t<div class=\"vri-list-item-img\">\r\n\t\t\t\t\t<img decoding=\"async\" src=\"https:\/\/cycle-leipzig.de\/wp-content\/plugins\/vikrentitems\/admin\/resources\/vthumb_2ebike_flair_diagonal.png\" alt=\"\" class=\"vrilistimg\"\/>\r\n\t\t\t\t<\/div>\r\n\t\t\t\t\t\t\t\t<div class=\"vri-list-item-descr\">\r\n\t\t\t\t\t<span class=\"vrilistitemname\">Flair City V\u00e9lo \u00e9lectrique <\/span>\r\n\t\t\t\t\t<span class=\"vrilistitemcat\">E-Bike<\/span>\r\n\t\t\t\t\t<div class=\"vrilistitemdescr\">\r\n\t\t\t\t\t\t<p>Taille : 1,60m - 1,85m, moyeu \u00e0 vitesses int\u00e9gr\u00e9es, r\u00e9trop\u00e9dalage<\/p>\n\t\t\t\t\t<\/div>\r\n\t\t\t\t\t\t\t\t\t<div class=\"vrilistitemcarats\"><ul class=\"vriulcarats\">\n<li>Citybike<\/li>\n<\/ul>\n<\/div>\r\n\t\t\t\t\t\t\t\t\t<\/div>\r\n\t\t\t<\/div>\r\n\t\t\t<div class=\"vri-list-item-cont\">\r\n\t\t\t\t<div class=\"vrilistcostdivcont\">\r\n\t\t\t\t\t\t\t\t\t\t<div class=\"vrilistdivcost\">\r\n\t\t\t\t\t\t<span class=\"vriliststartfrom\">Starting From<\/span>\r\n\t\t\t\t\t\t<span class=\"item_cost\">\u20ac 25,00<\/span>\r\n\t\t\t\t\t\t<span class=\"vriliststartfromtext\">per Day<\/span>\r\n\t\t\t\t\t<\/div>\r\n\t\t\t\t\t\t\t\t\t\t<span class=\"vrilistgoonlist\"><a href=\"https:\/\/cycle-leipzig.de\/fr\/louer-tous-les-velos-electriques-a-leipzig\/?option=com_vikrentitems&amp;view=itemdetails&amp;elemid=1\">View Details<\/a><\/span>\r\n\t\t\t\t<\/div>\r\n\t\t\t<\/div>\r\n\t\t<\/div>\r\n\t\t\t<div class=\"vri-list-item-block\">\r\n\t\t\t<div class=\"vri-list-item-inner\">\r\n\t\t\t\t\t\t\t<div class=\"vri-list-item-img\">\r\n\t\t\t\t\t<img decoding=\"async\" src=\"https:\/\/cycle-leipzig.de\/wp-content\/plugins\/vikrentitems\/admin\/resources\/bosch-mittelmotor-mietrad.jpg\" alt=\"\" class=\"vrilistimg\"\/>\r\n\t\t\t\t<\/div>\r\n\t\t\t\t\t\t\t\t<div class=\"vri-list-item-descr\">\r\n\t\t\t\t\t<span class=\"vrilistitemname\">City eBike mit Bosch Mittelmotor<\/span>\r\n\t\t\t\t\t<span class=\"vrilistitemcat\">E-Bike<\/span>\r\n\t\t\t\t\t<div class=\"vrilistitemdescr\">\r\n\t\t\t\t\t\t<p>K\u00f6rpergr\u00f6\u00dfe: 1,60m - 1,90m, Nabenschaltung, kein R\u00fccktritt<\/p>\n\t\t\t\t\t<\/div>\r\n\t\t\t\t\t\t\t\t\t<div class=\"vrilistitemcarats\"><ul class=\"vriulcarats\">\n<li>Citybike<\/li>\n<\/ul>\n<\/div>\r\n\t\t\t\t\t\t\t\t\t<\/div>\r\n\t\t\t<\/div>\r\n\t\t\t<div class=\"vri-list-item-cont\">\r\n\t\t\t\t<div class=\"vrilistcostdivcont\">\r\n\t\t\t\t\t\t\t\t\t\t<div class=\"vrilistdivcost\">\r\n\t\t\t\t\t\t<span class=\"vriliststartfrom\">Starting From<\/span>\r\n\t\t\t\t\t\t<span class=\"item_cost\">\u20ac 29,00<\/span>\r\n\t\t\t\t\t\t<span class=\"vriliststartfromtext\">per Day<\/span>\r\n\t\t\t\t\t<\/div>\r\n\t\t\t\t\t\t\t\t\t\t<span class=\"vrilistgoonlist\"><a href=\"https:\/\/cycle-leipzig.de\/fr\/louer-tous-les-velos-electriques-a-leipzig\/?option=com_vikrentitems&amp;view=itemdetails&amp;elemid=2\">View Details<\/a><\/span>\r\n\t\t\t\t<\/div>\r\n\t\t\t<\/div>\r\n\t\t<\/div>\r\n\t\t\t<div class=\"vri-list-item-block\">\r\n\t\t\t<div class=\"vri-list-item-inner\">\r\n\t\t\t\t\t\t\t<div class=\"vri-list-item-img\">\r\n\t\t\t\t\t<img decoding=\"async\" src=\"https:\/\/cycle-leipzig.de\/wp-content\/plugins\/vikrentitems\/admin\/resources\/2ebike_mtb_diagonal.png\" alt=\"\" class=\"vrilistimg\"\/>\r\n\t\t\t\t<\/div>\r\n\t\t\t\t\t\t\t\t<div class=\"vri-list-item-descr\">\r\n\t\t\t\t\t<span class=\"vrilistitemname\">eMountainbike Heckmotor<\/span>\r\n\t\t\t\t\t<span class=\"vrilistitemcat\">E-Bike<\/span>\r\n\t\t\t\t\t<div class=\"vrilistitemdescr\">\r\n\t\t\t\t\t\t<p>Taille : 1,60m \u00e0 1,90m, d\u00e9railleur, VTT<\/p>\n\t\t\t\t\t<\/div>\r\n\t\t\t\t\t\t\t\t\t<div class=\"vrilistitemcarats\"><ul class=\"vriulcarats\">\n<li>Mountainbike<\/li>\n<li>Herrenrad<\/li>\n<\/ul>\n<\/div>\r\n\t\t\t\t\t\t\t\t\t<\/div>\r\n\t\t\t<\/div>\r\n\t\t\t<div class=\"vri-list-item-cont\">\r\n\t\t\t\t<div class=\"vrilistcostdivcont\">\r\n\t\t\t\t\t\t\t\t\t\t<div class=\"vrilistdivcost\">\r\n\t\t\t\t\t\t<span class=\"vriliststartfrom\">Starting From<\/span>\r\n\t\t\t\t\t\t<span class=\"item_cost\">\u20ac 29,00<\/span>\r\n\t\t\t\t\t\t<span class=\"vriliststartfromtext\">per Day<\/span>\r\n\t\t\t\t\t<\/div>\r\n\t\t\t\t\t\t\t\t\t\t<span class=\"vrilistgoonlist\"><a href=\"https:\/\/cycle-leipzig.de\/fr\/louer-tous-les-velos-electriques-a-leipzig\/?option=com_vikrentitems&amp;view=itemdetails&amp;elemid=4\">View Details<\/a><\/span>\r\n\t\t\t\t<\/div>\r\n\t\t\t<\/div>\r\n\t\t<\/div>\r\n\t\t\t<div class=\"vri-list-item-block\">\r\n\t\t\t<div class=\"vri-list-item-inner\">\r\n\t\t\t\t\t\t\t<div class=\"vri-list-item-img\">\r\n\t\t\t\t\t<img decoding=\"async\" src=\"https:\/\/cycle-leipzig.de\/wp-content\/plugins\/vikrentitems\/admin\/resources\/vthumb_bild_2025-02-25_114255152.png\" alt=\"\" class=\"vrilistimg\"\/>\r\n\t\t\t\t<\/div>\r\n\t\t\t\t\t\t\t\t<div class=\"vri-list-item-descr\">\r\n\t\t\t\t\t<span class=\"vrilistitemname\">Herren Trekking E-Bike 29 Zoll<\/span>\r\n\t\t\t\t\t<span class=\"vrilistitemcat\">E-Bike<\/span>\r\n\t\t\t\t\t<div class=\"vrilistitemdescr\">\r\n\t\t\t\t\t\t<p>K\u00f6rpergr\u00f6\u00dfe: 1,70m bis 1,90m, Kettenschaltung, Heckmotor, 500 Wh Akku<\/p>\n\t\t\t\t\t<\/div>\r\n\t\t\t\t\t\t\t\t<\/div>\r\n\t\t\t<\/div>\r\n\t\t\t<div class=\"vri-list-item-cont\">\r\n\t\t\t\t<div class=\"vrilistcostdivcont\">\r\n\t\t\t\t\t\t\t\t\t\t<div class=\"vrilistdivcost\">\r\n\t\t\t\t\t\t<span class=\"vriliststartfrom\">Starting From<\/span>\r\n\t\t\t\t\t\t<span class=\"item_cost\">\u20ac 29,00<\/span>\r\n\t\t\t\t\t\t<span class=\"vriliststartfromtext\">per Day<\/span>\r\n\t\t\t\t\t<\/div>\r\n\t\t\t\t\t\t\t\t\t\t<span class=\"vrilistgoonlist\"><a href=\"https:\/\/cycle-leipzig.de\/fr\/louer-tous-les-velos-electriques-a-leipzig\/?option=com_vikrentitems&amp;view=itemdetails&amp;elemid=18\">View Details<\/a><\/span>\r\n\t\t\t\t<\/div>\r\n\t\t\t<\/div>\r\n\t\t<\/div>\r\n\t\t\t<div class=\"vri-list-item-block\">\r\n\t\t\t<div class=\"vri-list-item-inner\">\r\n\t\t\t\t\t\t\t<div class=\"vri-list-item-img\">\r\n\t\t\t\t\t<img decoding=\"async\" src=\"https:\/\/cycle-leipzig.de\/wp-content\/plugins\/vikrentitems\/admin\/resources\/esport-reiserad-herren.png\" alt=\"\" class=\"vrilistimg\"\/>\r\n\t\t\t\t<\/div>\r\n\t\t\t\t\t\t\t\t<div class=\"vri-list-item-descr\">\r\n\t\t\t\t\t<span class=\"vrilistitemname\">Reise- & Trekking E-Bike eSport Herren<\/span>\r\n\t\t\t\t\t<span class=\"vrilistitemcat\">E-Bike<\/span>\r\n\t\t\t\t\t<div class=\"vrilistitemdescr\">\r\n\t\t\t\t\t\t<p>K\u00f6rpergr\u00f6\u00dfe: 1,70m bis 1,90m, Kettenschaltung, starker Motor (100NM), gro\u00dfer Akku<\/p>\n\t\t\t\t\t<\/div>\r\n\t\t\t\t\t\t\t\t<\/div>\r\n\t\t\t<\/div>\r\n\t\t\t<div class=\"vri-list-item-cont\">\r\n\t\t\t\t<div class=\"vrilistcostdivcont\">\r\n\t\t\t\t\t\t\t\t\t\t<div class=\"vrilistdivcost\">\r\n\t\t\t\t\t\t<span class=\"vriliststartfrom\">Starting From<\/span>\r\n\t\t\t\t\t\t<span class=\"item_cost\">\u20ac 29,00<\/span>\r\n\t\t\t\t\t\t<span class=\"vriliststartfromtext\">per Day<\/span>\r\n\t\t\t\t\t<\/div>\r\n\t\t\t\t\t\t\t\t\t\t<span class=\"vrilistgoonlist\"><a href=\"https:\/\/cycle-leipzig.de\/fr\/louer-tous-les-velos-electriques-a-leipzig\/?option=com_vikrentitems&amp;view=itemdetails&amp;elemid=16\">View Details<\/a><\/span>\r\n\t\t\t\t<\/div>\r\n\t\t\t<\/div>\r\n\t\t<\/div>\r\n\t\t\t<div class=\"vri-list-item-block\">\r\n\t\t\t<div class=\"vri-list-item-inner\">\r\n\t\t\t\t\t\t\t<div class=\"vri-list-item-img\">\r\n\t\t\t\t\t<img decoding=\"async\" src=\"https:\/\/cycle-leipzig.de\/wp-content\/plugins\/vikrentitems\/admin\/resources\/esport-reiserad-damen.png\" alt=\"\" class=\"vrilistimg\"\/>\r\n\t\t\t\t<\/div>\r\n\t\t\t\t\t\t\t\t<div class=\"vri-list-item-descr\">\r\n\t\t\t\t\t<span class=\"vrilistitemname\">Reise- & Trekking E-Bike eSport Unisex<\/span>\r\n\t\t\t\t\t<span class=\"vrilistitemcat\">E-Bike<\/span>\r\n\t\t\t\t\t<div class=\"vrilistitemdescr\">\r\n\t\t\t\t\t\t<p>K\u00f6rpergr\u00f6\u00dfe: 1,65m bis 1,85m, Kettenschaltung, starker Motor (100NM), gro\u00dfer Akku<\/p>\n\t\t\t\t\t<\/div>\r\n\t\t\t\t\t\t\t\t<\/div>\r\n\t\t\t<\/div>\r\n\t\t\t<div class=\"vri-list-item-cont\">\r\n\t\t\t\t<div class=\"vrilistcostdivcont\">\r\n\t\t\t\t\t\t\t\t\t\t<div class=\"vrilistdivcost\">\r\n\t\t\t\t\t\t<span class=\"vriliststartfrom\">Starting From<\/span>\r\n\t\t\t\t\t\t<span class=\"item_cost\">\u20ac 29,00<\/span>\r\n\t\t\t\t\t\t<span class=\"vriliststartfromtext\">per Day<\/span>\r\n\t\t\t\t\t<\/div>\r\n\t\t\t\t\t\t\t\t\t\t<span class=\"vrilistgoonlist\"><a href=\"https:\/\/cycle-leipzig.de\/fr\/louer-tous-les-velos-electriques-a-leipzig\/?option=com_vikrentitems&amp;view=itemdetails&amp;elemid=15\">View Details<\/a><\/span>\r\n\t\t\t\t<\/div>\r\n\t\t\t<\/div>\r\n\t\t<\/div>\r\n\t\t\t<div class=\"vri-list-item-block\">\r\n\t\t\t<div class=\"vri-list-item-inner\">\r\n\t\t\t\t\t\t\t<div class=\"vri-list-item-img\">\r\n\t\t\t\t\t<img decoding=\"async\" src=\"https:\/\/cycle-leipzig.de\/wp-content\/plugins\/vikrentitems\/admin\/resources\/lastenrad-bei-cycle-leipzig.jpg\" alt=\"\" class=\"vrilistimg\"\/>\r\n\t\t\t\t<\/div>\r\n\t\t\t\t\t\t\t\t<div class=\"vri-list-item-descr\">\r\n\t\t\t\t\t<span class=\"vrilistitemname\">E-Lastenrad LongJohn<\/span>\r\n\t\t\t\t\t<span class=\"vrilistitemcat\">E-Bike<\/span>\r\n\t\t\t\t\t<div class=\"vrilistitemdescr\">\r\n\t\t\t\t\t\t<p>K\u00f6rpergr\u00f6\u00dfe: 1,70m bis 1,90m, Nabenschaltung, spezieller Cargomotor, gro\u00dfer Akku, Doppel-Kindersitz<\/p>\n\t\t\t\t\t<\/div>\r\n\t\t\t\t\t\t\t\t<\/div>\r\n\t\t\t<\/div>\r\n\t\t\t<div class=\"vri-list-item-cont\">\r\n\t\t\t\t<div class=\"vrilistcostdivcont\">\r\n\t\t\t\t\t\t\t\t\t\t<div class=\"vrilistdivcost\">\r\n\t\t\t\t\t\t<span class=\"vriliststartfrom\">Starting From<\/span>\r\n\t\t\t\t\t\t<span class=\"item_cost\">\u20ac 49,00<\/span>\r\n\t\t\t\t\t\t<span class=\"vriliststartfromtext\">per Day<\/span>\r\n\t\t\t\t\t<\/div>\r\n\t\t\t\t\t\t\t\t\t\t<span class=\"vrilistgoonlist\"><a href=\"https:\/\/cycle-leipzig.de\/fr\/louer-tous-les-velos-electriques-a-leipzig\/?option=com_vikrentitems&amp;view=itemdetails&amp;elemid=21\">View Details<\/a><\/span>\r\n\t\t\t\t<\/div>\r\n\t\t\t<\/div>\r\n\t\t<\/div>\r\n\t\t<\/div>\r\n\r\n<\/div>\r\n\n<\/div>\n\n\n\n\n<p><\/p>\n","protected":false},"excerpt":{"rendered":"","protected":false},"author":1,"featured_media":429,"comment_status":"closed","ping_status":"closed","sticky":false,"template":"","format":"standard","meta":{"footnotes":""},"categories":[36],"tags":[],"class_list":["post-578","post","type-post","status-publish","format-standard","has-post-thumbnail","hentry","category-services-fr"],"yoast_head":"<!-- This site is optimized with the Yoast SEO plugin v27.3 - https:\/\/yoast.com\/product\/yoast-seo-wordpress\/ -->\n<title>Louer tous les v\u00e9los \u00e9lectriques \u00e0 Leipzig - Cycle-Leipzig.de - Rent a Bike<\/title>\n<meta name=\"robots\" content=\"index, follow, max-snippet:-1, max-image-preview:large, max-video-preview:-1\" \/>\n<link rel=\"canonical\" href=\"https:\/\/cycle-leipzig.de\/fr\/louer-tous-les-velos-electriques-a-leipzig\/\" \/>\n<meta property=\"og:locale\" content=\"fr_FR\" \/>\n<meta property=\"og:type\" content=\"article\" \/>\n<meta property=\"og:title\" content=\"Louer tous les v\u00e9los \u00e9lectriques \u00e0 Leipzig - Cycle-Leipzig.de - Rent a Bike\" \/>\n<meta property=\"og:url\" content=\"https:\/\/cycle-leipzig.de\/fr\/louer-tous-les-velos-electriques-a-leipzig\/\" \/>\n<meta property=\"og:site_name\" content=\"Cycle-Leipzig.de - Rent a Bike\" \/>\n<meta property=\"article:published_time\" content=\"2023-07-04T15:17:55+00:00\" \/>\n<meta property=\"article:modified_time\" content=\"2024-01-03T13:34:46+00:00\" \/>\n<meta property=\"og:image\" content=\"https:\/\/cycle-leipzig.de\/wp-content\/uploads\/2023\/07\/Miet-EBike-am-Gohliser-Schloesschen-jpg.webp\" \/>\n\t<meta property=\"og:image:width\" content=\"1900\" \/>\n\t<meta property=\"og:image:height\" content=\"700\" \/>\n\t<meta property=\"og:image:type\" content=\"image\/jpeg\" \/>\n<meta name=\"author\" content=\"Leipzig@eBike-Haus.de\" \/>\n<meta name=\"twitter:card\" content=\"summary_large_image\" \/>\n<meta name=\"twitter:label1\" content=\"\u00c9crit par\" \/>\n\t<meta name=\"twitter:data1\" content=\"Leipzig@eBike-Haus.de\" \/>\n<script type=\"application\/ld+json\" class=\"yoast-schema-graph\">{\"@context\":\"https:\\\/\\\/schema.org\",\"@graph\":[{\"@type\":\"Article\",\"@id\":\"https:\\\/\\\/cycle-leipzig.de\\\/fr\\\/louer-tous-les-velos-electriques-a-leipzig\\\/#article\",\"isPartOf\":{\"@id\":\"https:\\\/\\\/cycle-leipzig.de\\\/fr\\\/louer-tous-les-velos-electriques-a-leipzig\\\/\"},\"author\":{\"name\":\"Leipzig@eBike-Haus.de\",\"@id\":\"https:\\\/\\\/cycle-leipzig.de\\\/fr\\\/#\\\/schema\\\/person\\\/5fecef381767b629808f9a87d44b2fff\"},\"headline\":\"Louer tous les v\u00e9los \u00e9lectriques \u00e0 Leipzig\",\"datePublished\":\"2023-07-04T15:17:55+00:00\",\"dateModified\":\"2024-01-03T13:34:46+00:00\",\"mainEntityOfPage\":{\"@id\":\"https:\\\/\\\/cycle-leipzig.de\\\/fr\\\/louer-tous-les-velos-electriques-a-leipzig\\\/\"},\"wordCount\":17,\"publisher\":{\"@id\":\"https:\\\/\\\/cycle-leipzig.de\\\/fr\\\/#organization\"},\"image\":{\"@id\":\"https:\\\/\\\/cycle-leipzig.de\\\/fr\\\/louer-tous-les-velos-electriques-a-leipzig\\\/#primaryimage\"},\"thumbnailUrl\":\"https:\\\/\\\/cycle-leipzig.de\\\/wp-content\\\/uploads\\\/2023\\\/07\\\/Miet-EBike-am-Gohliser-Schloesschen-jpg.webp\",\"articleSection\":[\"Services\"],\"inLanguage\":\"fr-FR\"},{\"@type\":\"WebPage\",\"@id\":\"https:\\\/\\\/cycle-leipzig.de\\\/fr\\\/louer-tous-les-velos-electriques-a-leipzig\\\/\",\"url\":\"https:\\\/\\\/cycle-leipzig.de\\\/fr\\\/louer-tous-les-velos-electriques-a-leipzig\\\/\",\"name\":\"Louer tous les v\u00e9los \u00e9lectriques \u00e0 Leipzig - Cycle-Leipzig.de - Rent a Bike\",\"isPartOf\":{\"@id\":\"https:\\\/\\\/cycle-leipzig.de\\\/fr\\\/#website\"},\"primaryImageOfPage\":{\"@id\":\"https:\\\/\\\/cycle-leipzig.de\\\/fr\\\/louer-tous-les-velos-electriques-a-leipzig\\\/#primaryimage\"},\"image\":{\"@id\":\"https:\\\/\\\/cycle-leipzig.de\\\/fr\\\/louer-tous-les-velos-electriques-a-leipzig\\\/#primaryimage\"},\"thumbnailUrl\":\"https:\\\/\\\/cycle-leipzig.de\\\/wp-content\\\/uploads\\\/2023\\\/07\\\/Miet-EBike-am-Gohliser-Schloesschen-jpg.webp\",\"datePublished\":\"2023-07-04T15:17:55+00:00\",\"dateModified\":\"2024-01-03T13:34:46+00:00\",\"breadcrumb\":{\"@id\":\"https:\\\/\\\/cycle-leipzig.de\\\/fr\\\/louer-tous-les-velos-electriques-a-leipzig\\\/#breadcrumb\"},\"inLanguage\":\"fr-FR\",\"potentialAction\":[{\"@type\":\"ReadAction\",\"target\":[\"https:\\\/\\\/cycle-leipzig.de\\\/fr\\\/louer-tous-les-velos-electriques-a-leipzig\\\/\"]}]},{\"@type\":\"ImageObject\",\"inLanguage\":\"fr-FR\",\"@id\":\"https:\\\/\\\/cycle-leipzig.de\\\/fr\\\/louer-tous-les-velos-electriques-a-leipzig\\\/#primaryimage\",\"url\":\"https:\\\/\\\/cycle-leipzig.de\\\/wp-content\\\/uploads\\\/2023\\\/07\\\/Miet-EBike-am-Gohliser-Schloesschen-jpg.webp\",\"contentUrl\":\"https:\\\/\\\/cycle-leipzig.de\\\/wp-content\\\/uploads\\\/2023\\\/07\\\/Miet-EBike-am-Gohliser-Schloesschen-jpg.webp\",\"width\":1900,\"height\":700},{\"@type\":\"BreadcrumbList\",\"@id\":\"https:\\\/\\\/cycle-leipzig.de\\\/fr\\\/louer-tous-les-velos-electriques-a-leipzig\\\/#breadcrumb\",\"itemListElement\":[{\"@type\":\"ListItem\",\"position\":1,\"name\":\"Startseite\",\"item\":\"https:\\\/\\\/cycle-leipzig.de\\\/fr\\\/louer-un-velo-un-e-bike-a-leipzig\\\/\"},{\"@type\":\"ListItem\",\"position\":2,\"name\":\"Louer tous les v\u00e9los \u00e9lectriques \u00e0 Leipzig\"}]},{\"@type\":\"WebSite\",\"@id\":\"https:\\\/\\\/cycle-leipzig.de\\\/fr\\\/#website\",\"url\":\"https:\\\/\\\/cycle-leipzig.de\\\/fr\\\/\",\"name\":\"Cycle-Leipzig.de - Rent a Bike\",\"description\":\"eBike &amp; Fahrrad mieten in Leipzig Zentrum\",\"publisher\":{\"@id\":\"https:\\\/\\\/cycle-leipzig.de\\\/fr\\\/#organization\"},\"alternateName\":\"Fahrrad oder E-Bike mieten im Zentrum von Leipzig\",\"potentialAction\":[{\"@type\":\"SearchAction\",\"target\":{\"@type\":\"EntryPoint\",\"urlTemplate\":\"https:\\\/\\\/cycle-leipzig.de\\\/fr\\\/?s={search_term_string}\"},\"query-input\":{\"@type\":\"PropertyValueSpecification\",\"valueRequired\":true,\"valueName\":\"search_term_string\"}}],\"inLanguage\":\"fr-FR\"},{\"@type\":\"Organization\",\"@id\":\"https:\\\/\\\/cycle-leipzig.de\\\/fr\\\/#organization\",\"name\":\"Cycle-Leipzig.de powerd by eBike-Haus.de GmbH\",\"url\":\"https:\\\/\\\/cycle-leipzig.de\\\/fr\\\/\",\"logo\":{\"@type\":\"ImageObject\",\"inLanguage\":\"fr-FR\",\"@id\":\"https:\\\/\\\/cycle-leipzig.de\\\/fr\\\/#\\\/schema\\\/logo\\\/image\\\/\",\"url\":\"https:\\\/\\\/cycle-leipzig.de\\\/wp-content\\\/uploads\\\/2023\\\/09\\\/Cycle-Leipzig_Logo.png\",\"contentUrl\":\"https:\\\/\\\/cycle-leipzig.de\\\/wp-content\\\/uploads\\\/2023\\\/09\\\/Cycle-Leipzig_Logo.png\",\"width\":2000,\"height\":1576,\"caption\":\"Cycle-Leipzig.de powerd by eBike-Haus.de GmbH\"},\"image\":{\"@id\":\"https:\\\/\\\/cycle-leipzig.de\\\/fr\\\/#\\\/schema\\\/logo\\\/image\\\/\"}},{\"@type\":\"Person\",\"@id\":\"https:\\\/\\\/cycle-leipzig.de\\\/fr\\\/#\\\/schema\\\/person\\\/5fecef381767b629808f9a87d44b2fff\",\"name\":\"Leipzig@eBike-Haus.de\",\"image\":{\"@type\":\"ImageObject\",\"inLanguage\":\"fr-FR\",\"@id\":\"https:\\\/\\\/secure.gravatar.com\\\/avatar\\\/0ebb46ab74fd2f0c1a7a71d5031829a5d11845ddf0a5aaf4459a2a5b76a06400?s=96&d=mm&r=g\",\"url\":\"https:\\\/\\\/secure.gravatar.com\\\/avatar\\\/0ebb46ab74fd2f0c1a7a71d5031829a5d11845ddf0a5aaf4459a2a5b76a06400?s=96&d=mm&r=g\",\"contentUrl\":\"https:\\\/\\\/secure.gravatar.com\\\/avatar\\\/0ebb46ab74fd2f0c1a7a71d5031829a5d11845ddf0a5aaf4459a2a5b76a06400?s=96&d=mm&r=g\",\"caption\":\"Leipzig@eBike-Haus.de\"},\"sameAs\":[\"https:\\\/\\\/cycle-leipzig.de\"],\"url\":\"https:\\\/\\\/cycle-leipzig.de\\\/fr\\\/author\\\/leipzigebike-haus-de\\\/\"}]}<\/script>\n<!-- \/ Yoast SEO plugin. -->","yoast_head_json":{"title":"Louer tous les v\u00e9los \u00e9lectriques \u00e0 Leipzig - Cycle-Leipzig.de - Rent a Bike","robots":{"index":"index","follow":"follow","max-snippet":"max-snippet:-1","max-image-preview":"max-image-preview:large","max-video-preview":"max-video-preview:-1"},"canonical":"https:\/\/cycle-leipzig.de\/fr\/louer-tous-les-velos-electriques-a-leipzig\/","og_locale":"fr_FR","og_type":"article","og_title":"Louer tous les v\u00e9los \u00e9lectriques \u00e0 Leipzig - Cycle-Leipzig.de - Rent a Bike","og_url":"https:\/\/cycle-leipzig.de\/fr\/louer-tous-les-velos-electriques-a-leipzig\/","og_site_name":"Cycle-Leipzig.de - Rent a Bike","article_published_time":"2023-07-04T15:17:55+00:00","article_modified_time":"2024-01-03T13:34:46+00:00","og_image":[{"width":1900,"height":700,"url":"https:\/\/cycle-leipzig.de\/wp-content\/uploads\/2023\/07\/Miet-EBike-am-Gohliser-Schloesschen-jpg.webp","type":"image\/jpeg"}],"author":"Leipzig@eBike-Haus.de","twitter_card":"summary_large_image","twitter_misc":{"\u00c9crit par":"Leipzig@eBike-Haus.de"},"schema":{"@context":"https:\/\/schema.org","@graph":[{"@type":"Article","@id":"https:\/\/cycle-leipzig.de\/fr\/louer-tous-les-velos-electriques-a-leipzig\/#article","isPartOf":{"@id":"https:\/\/cycle-leipzig.de\/fr\/louer-tous-les-velos-electriques-a-leipzig\/"},"author":{"name":"Leipzig@eBike-Haus.de","@id":"https:\/\/cycle-leipzig.de\/fr\/#\/schema\/person\/5fecef381767b629808f9a87d44b2fff"},"headline":"Louer tous les v\u00e9los \u00e9lectriques \u00e0 Leipzig","datePublished":"2023-07-04T15:17:55+00:00","dateModified":"2024-01-03T13:34:46+00:00","mainEntityOfPage":{"@id":"https:\/\/cycle-leipzig.de\/fr\/louer-tous-les-velos-electriques-a-leipzig\/"},"wordCount":17,"publisher":{"@id":"https:\/\/cycle-leipzig.de\/fr\/#organization"},"image":{"@id":"https:\/\/cycle-leipzig.de\/fr\/louer-tous-les-velos-electriques-a-leipzig\/#primaryimage"},"thumbnailUrl":"https:\/\/cycle-leipzig.de\/wp-content\/uploads\/2023\/07\/Miet-EBike-am-Gohliser-Schloesschen-jpg.webp","articleSection":["Services"],"inLanguage":"fr-FR"},{"@type":"WebPage","@id":"https:\/\/cycle-leipzig.de\/fr\/louer-tous-les-velos-electriques-a-leipzig\/","url":"https:\/\/cycle-leipzig.de\/fr\/louer-tous-les-velos-electriques-a-leipzig\/","name":"Louer tous les v\u00e9los \u00e9lectriques \u00e0 Leipzig - Cycle-Leipzig.de - Rent a Bike","isPartOf":{"@id":"https:\/\/cycle-leipzig.de\/fr\/#website"},"primaryImageOfPage":{"@id":"https:\/\/cycle-leipzig.de\/fr\/louer-tous-les-velos-electriques-a-leipzig\/#primaryimage"},"image":{"@id":"https:\/\/cycle-leipzig.de\/fr\/louer-tous-les-velos-electriques-a-leipzig\/#primaryimage"},"thumbnailUrl":"https:\/\/cycle-leipzig.de\/wp-content\/uploads\/2023\/07\/Miet-EBike-am-Gohliser-Schloesschen-jpg.webp","datePublished":"2023-07-04T15:17:55+00:00","dateModified":"2024-01-03T13:34:46+00:00","breadcrumb":{"@id":"https:\/\/cycle-leipzig.de\/fr\/louer-tous-les-velos-electriques-a-leipzig\/#breadcrumb"},"inLanguage":"fr-FR","potentialAction":[{"@type":"ReadAction","target":["https:\/\/cycle-leipzig.de\/fr\/louer-tous-les-velos-electriques-a-leipzig\/"]}]},{"@type":"ImageObject","inLanguage":"fr-FR","@id":"https:\/\/cycle-leipzig.de\/fr\/louer-tous-les-velos-electriques-a-leipzig\/#primaryimage","url":"https:\/\/cycle-leipzig.de\/wp-content\/uploads\/2023\/07\/Miet-EBike-am-Gohliser-Schloesschen-jpg.webp","contentUrl":"https:\/\/cycle-leipzig.de\/wp-content\/uploads\/2023\/07\/Miet-EBike-am-Gohliser-Schloesschen-jpg.webp","width":1900,"height":700},{"@type":"BreadcrumbList","@id":"https:\/\/cycle-leipzig.de\/fr\/louer-tous-les-velos-electriques-a-leipzig\/#breadcrumb","itemListElement":[{"@type":"ListItem","position":1,"name":"Startseite","item":"https:\/\/cycle-leipzig.de\/fr\/louer-un-velo-un-e-bike-a-leipzig\/"},{"@type":"ListItem","position":2,"name":"Louer tous les v\u00e9los \u00e9lectriques \u00e0 Leipzig"}]},{"@type":"WebSite","@id":"https:\/\/cycle-leipzig.de\/fr\/#website","url":"https:\/\/cycle-leipzig.de\/fr\/","name":"Cycle-Leipzig.de - Rent a Bike","description":"eBike &amp; Fahrrad mieten in Leipzig Zentrum","publisher":{"@id":"https:\/\/cycle-leipzig.de\/fr\/#organization"},"alternateName":"Fahrrad oder E-Bike mieten im Zentrum von Leipzig","potentialAction":[{"@type":"SearchAction","target":{"@type":"EntryPoint","urlTemplate":"https:\/\/cycle-leipzig.de\/fr\/?s={search_term_string}"},"query-input":{"@type":"PropertyValueSpecification","valueRequired":true,"valueName":"search_term_string"}}],"inLanguage":"fr-FR"},{"@type":"Organization","@id":"https:\/\/cycle-leipzig.de\/fr\/#organization","name":"Cycle-Leipzig.de powerd by eBike-Haus.de GmbH","url":"https:\/\/cycle-leipzig.de\/fr\/","logo":{"@type":"ImageObject","inLanguage":"fr-FR","@id":"https:\/\/cycle-leipzig.de\/fr\/#\/schema\/logo\/image\/","url":"https:\/\/cycle-leipzig.de\/wp-content\/uploads\/2023\/09\/Cycle-Leipzig_Logo.png","contentUrl":"https:\/\/cycle-leipzig.de\/wp-content\/uploads\/2023\/09\/Cycle-Leipzig_Logo.png","width":2000,"height":1576,"caption":"Cycle-Leipzig.de powerd by eBike-Haus.de GmbH"},"image":{"@id":"https:\/\/cycle-leipzig.de\/fr\/#\/schema\/logo\/image\/"}},{"@type":"Person","@id":"https:\/\/cycle-leipzig.de\/fr\/#\/schema\/person\/5fecef381767b629808f9a87d44b2fff","name":"Leipzig@eBike-Haus.de","image":{"@type":"ImageObject","inLanguage":"fr-FR","@id":"https:\/\/secure.gravatar.com\/avatar\/0ebb46ab74fd2f0c1a7a71d5031829a5d11845ddf0a5aaf4459a2a5b76a06400?s=96&d=mm&r=g","url":"https:\/\/secure.gravatar.com\/avatar\/0ebb46ab74fd2f0c1a7a71d5031829a5d11845ddf0a5aaf4459a2a5b76a06400?s=96&d=mm&r=g","contentUrl":"https:\/\/secure.gravatar.com\/avatar\/0ebb46ab74fd2f0c1a7a71d5031829a5d11845ddf0a5aaf4459a2a5b76a06400?s=96&d=mm&r=g","caption":"Leipzig@eBike-Haus.de"},"sameAs":["https:\/\/cycle-leipzig.de"],"url":"https:\/\/cycle-leipzig.de\/fr\/author\/leipzigebike-haus-de\/"}]}},"_links":{"self":[{"href":"https:\/\/cycle-leipzig.de\/fr\/wp-json\/wp\/v2\/posts\/578","targetHints":{"allow":["GET"]}}],"collection":[{"href":"https:\/\/cycle-leipzig.de\/fr\/wp-json\/wp\/v2\/posts"}],"about":[{"href":"https:\/\/cycle-leipzig.de\/fr\/wp-json\/wp\/v2\/types\/post"}],"author":[{"embeddable":true,"href":"https:\/\/cycle-leipzig.de\/fr\/wp-json\/wp\/v2\/users\/1"}],"replies":[{"embeddable":true,"href":"https:\/\/cycle-leipzig.de\/fr\/wp-json\/wp\/v2\/comments?post=578"}],"version-history":[{"count":1,"href":"https:\/\/cycle-leipzig.de\/fr\/wp-json\/wp\/v2\/posts\/578\/revisions"}],"predecessor-version":[{"id":579,"href":"https:\/\/cycle-leipzig.de\/fr\/wp-json\/wp\/v2\/posts\/578\/revisions\/579"}],"wp:featuredmedia":[{"embeddable":true,"href":"https:\/\/cycle-leipzig.de\/fr\/wp-json\/wp\/v2\/media\/429"}],"wp:attachment":[{"href":"https:\/\/cycle-leipzig.de\/fr\/wp-json\/wp\/v2\/media?parent=578"}],"wp:term":[{"taxonomy":"category","embeddable":true,"href":"https:\/\/cycle-leipzig.de\/fr\/wp-json\/wp\/v2\/categories?post=578"},{"taxonomy":"post_tag","embeddable":true,"href":"https:\/\/cycle-leipzig.de\/fr\/wp-json\/wp\/v2\/tags?post=578"}],"curies":[{"name":"wp","href":"https:\/\/api.w.org\/{rel}","templated":true}]}}